{"id":4849,"date":"2020-11-12T13:09:58","date_gmt":"2020-11-12T12:09:58","guid":{"rendered":"http:\/\/www.havermeyer.de\/?p=4849"},"modified":"2020-11-12T13:09:58","modified_gmt":"2020-11-12T12:09:58","slug":"herbstlicher-roadtrip-der-treckerfreunde-westerbeck","status":"publish","type":"post","link":"http:\/\/www.havermeyer.de\/?p=4849","title":{"rendered":"Herbstlicher Roadtrip der Treckerfreunde Westerbeck"},"content":{"rendered":"<figure id=\"attachment_4850\" aria-describedby=\"caption-attachment-4850\" style=\"width: 2500px\" class=\"wp-caption aligncenter\"><a href=\"http:\/\/www.havermeyer.de\/wp-content\/uploads\/2020\/10\/Trecker_IVZ-1b.jpg\"><img decoding=\"async\" loading=\"lazy\" class=\"size-full wp-image-4850\" src=\"http:\/\/www.havermeyer.de\/wp-content\/uploads\/2020\/10\/Trecker_IVZ-1b.jpg\" alt=\"\" width=\"2500\" height=\"1406\" srcset=\"http:\/\/www.havermeyer.de\/wp-content\/uploads\/2020\/10\/Trecker_IVZ-1b.jpg 2500w, http:\/\/www.havermeyer.de\/wp-content\/uploads\/2020\/10\/Trecker_IVZ-1b-300x169.jpg 300w, http:\/\/www.havermeyer.de\/wp-content\/uploads\/2020\/10\/Trecker_IVZ-1b-768x432.jpg 768w, http:\/\/www.havermeyer.de\/wp-content\/uploads\/2020\/10\/Trecker_IVZ-1b-1024x576.jpg 1024w, http:\/\/www.havermeyer.de\/wp-content\/uploads\/2020\/10\/Trecker_IVZ-1b-1200x675.jpg 1200w\" sizes=\"(max-width: 2500px) 100vw, 2500px\" \/><\/a><figcaption id=\"caption-attachment-4850\" class=\"wp-caption-text\">Kabine hin oder her \u2013 was ein echter Oldtimerfreund ist, den halten auch dicke Herbstwolken nicht von der letzten Ausfahrt des Jahres ab. Foto: Ernesto Wiebrock<\/figcaption><\/figure>\n<p><strong>Ob Hanomag oder Holder, David Brown oder Bautz: Das vielstimmige Wummern der alten Schlepper, die in einer sauberen Reihe auf dem abgeernteten Maisacker in der Bauerschaft Westerbeck dicht nebeneinander stehen, erz\u00e4hlt so manch spannende Traktoren-Biografie.<\/strong><\/p>\n<p>Unter den 13 Oldtimern, mit denen die Treckerfreunde Westerbeck zu ihrer letzten Ausfahrt in diesem Jahr aufbrechen, sind auch so alte Sch\u00e4tzchen wie der Deuliewag. Gebaut 1940 in Berlin, hat der Traktor die Entwicklung der Landwirtschaft wie kein anderer hier am eigenen Getriebe miterlebt. Doch wie es sich f\u00fcr einen betagten Agrarveteranen geh\u00f6rt, hat er sich l\u00e4ngst aus dem aktiven Ackerdienst zur\u00fcckgezogen und l\u00e4sst sich von seinem Besitzer Thorsten Klopmeier als Liebhaberst\u00fcck hegen und pflegen. Schmutzige Reifen gibt es nur noch gelegentlich \u2013 auf jeden Fall aber immer dann, wenn wieder ein Treffen mit Gleichgesinnten \u2013 auf vier R\u00e4dern und auf zwei Beinen \u2013 ansteht.<\/p>\n<p><em>Bunt gemischte Truppe<\/em><\/p>\n<p>\u201eSo etwa alle vier bis f\u00fcnf Wochen verabreden wir uns zu einer gemeinsamen Ausfahrt\u201c, erl\u00e4utert Iris Laumeyer die Leidenschaft der bunt gemischten Truppe. W\u00e4hrend ihr Mann Uwe, der sich auf einem imposanten \u2013 und, nicht unwichtig im Oktober: beheizten \u2013 MB Trac die \u00dcbersicht \u00fcber den Fuhrpark sichert, bereits seit knapp zehn Jahren mittuckert, ist die Westerbecker Landwirtstochter erst seit 2017 dabei. \u201eVorher war mein Trecker ja noch nicht fertig\u201c, deutet Iris Laumeyer auf ihr schmuckes Fendt Dieselross, Baujahr 1958, inklusive blitzplank poliertem M\u00e4hbalken. \u201eDas war der erste Trecker auf unserem Hof\u201c, erz\u00e4hlt sie, \u201eda war es mir wichtig, dass der ordentlich restauriert wird.\u201c Und getreu dem Motto \u201eWas dem Uwe seine Heizung, ist der Iris ihre lange Unterw\u00e4sche\u201c nimmt sie auch herbstliche Touren mit Humor und weiblichem Pragmatismus. Denn wohlgemerkt: Das Dieselross markiert den Sprung vom Pferd zum Traktor \u2013 und wer hat jemals einen Vierbeiner mit Wetterschutz-Verdeck gesehen?<\/p>\n<figure id=\"attachment_4851\" aria-describedby=\"caption-attachment-4851\" style=\"width: 555px\" class=\"wp-caption aligncenter\"><a href=\"http:\/\/www.havermeyer.de\/wp-content\/uploads\/2020\/10\/Trecker_IVZ-2b.jpg\"><img decoding=\"async\" loading=\"lazy\" class=\"wp-image-4851\" src=\"http:\/\/www.havermeyer.de\/wp-content\/uploads\/2020\/10\/Trecker_IVZ-2b-300x169.jpg\" alt=\"\" width=\"555\" height=\"312\" srcset=\"http:\/\/www.havermeyer.de\/wp-content\/uploads\/2020\/10\/Trecker_IVZ-2b-300x169.jpg 300w, http:\/\/www.havermeyer.de\/wp-content\/uploads\/2020\/10\/Trecker_IVZ-2b-768x432.jpg 768w, http:\/\/www.havermeyer.de\/wp-content\/uploads\/2020\/10\/Trecker_IVZ-2b-1024x576.jpg 1024w, http:\/\/www.havermeyer.de\/wp-content\/uploads\/2020\/10\/Trecker_IVZ-2b-1200x675.jpg 1200w\" sizes=\"(max-width: 555px) 100vw, 555px\" \/><\/a><figcaption id=\"caption-attachment-4851\" class=\"wp-caption-text\">Die gemeinsame Leidenschaft schwei\u00dft sie zusammen: Vor rund zehn Jahren haben Gisela und Dieter Klopmeier die Treckerfreunde Westerbeck gegr\u00fcndet. Mittlerweile ist die Gruppe auf 14 Personen angewachsen. Foto: Ernesto Wiebrock<\/figcaption><\/figure>\n<p>Au\u00dfer Iris Laumeyer setzt sich auch noch Gisela Klopmeier in der ansonsten m\u00e4nnerdominierten Runde regelm\u00e4\u00dfig hinters Lenkrad ihres Oldtimers. Sie und ihr Mann Dieter haben die Treckerfreunde Westerbeck vor etwa einem Jahrzehnt ins Rollen gebracht. \u201eSo nach und nach haben wir uns dann zusammengefunden\u201c, erinnert sich Iris Laumeyer. Der eine habe dem anderen davon erz\u00e4hlt, nette Bekanntschaften seien entstanden \u2013 und mittlerweile begeben sich 14 Traktoren-Enthusiasten mit 13 Schleppern und einem Planwagen auf die Pisten rund um Westerbeck. Der \u00e4lteste Fahrer z\u00e4hlt 70 Lenze, der j\u00fcngste gerade mal 20. Die Mitglieder der Truppe kommen au\u00dfer aus Westerbeck aus Lotte Osterberg, Hasbergen, Halverde und Schale. Die weiteste Ausfahrt in diesem Jahr ging nach Schale zum Kulturlandhaus.<\/p>\n<p><em>M\u00f6glichst auf Nebenstra\u00dfen unterwegs<\/em><\/p>\n<p>Diesmal nehmen die Oldtimerfreunde Kurs auf die Gastst\u00e4tte Zum Gr\u00fcnen J\u00e4ger auf Hollenbergs H\u00fcgel. \u201eWir versuchen, den \u00fcbrigen Verkehr so wenig wie m\u00f6glich zu behindern und fahren m\u00f6glichst \u00fcber Nebenstra\u00dfen\u201c, erkl\u00e4rt Iris Laumeyer, die zusammen mit ihrem Mann Uwe die Tour geplant hat. Und obwohl ihr der Oktoberwind um die Nase pfeift, legt sich ein L\u00e4cheln auf ihr Gesicht: \u201eSolche Ausfahrten mit der ganzen Gruppe, die machen einfach Spa\u00df\u201c, sieht man ihr die Freude an, \u201edie Gemeinschaft, das Erz\u00e4hlen\u2026\u201c Den Rei\u00dfverschluss der Jacke sch\u00f6n hochziehen, das Dieselross vorgl\u00fchen \u2013 \u201eWrummmm!\u201c \u2013 und los geht es, mit 20 Stundenkilometern dem Ziel entgegen.<\/p>\n<p><em>(Erschienen in: Ibbenb\u00fcrener Volkszeitung, 24. Oktober 2020)<\/em><\/p>\n","protected":false},"excerpt":{"rendered":"<p>Ob Hanomag oder Holder, David Brown oder Bautz: Das vielstimmige Wummern der alten Schlepper, die in einer sauberen Reihe auf dem abgeernteten Maisacker in der Bauerschaft Westerbeck dicht nebeneinander stehen, erz\u00e4hlt so manch spannende Traktoren-Biografie. [&hellip;]<\/p>\n","protected":false},"author":2,"featured_media":4850,"comment_status":"closed","ping_status":"open","sticky":false,"template":"","format":"gallery","meta":{"_links_to":"","_links_to_target":""},"categories":[6,80],"tags":[1172,197,1173],"_links":{"self":[{"href":"http:\/\/www.havermeyer.de\/index.php?rest_route=\/wp\/v2\/posts\/4849"}],"collection":[{"href":"http:\/\/www.havermeyer.de\/index.php?rest_route=\/wp\/v2\/posts"}],"about":[{"href":"http:\/\/www.havermeyer.de\/index.php?rest_route=\/wp\/v2\/types\/post"}],"author":[{"embeddable":true,"href":"http:\/\/www.havermeyer.de\/index.php?rest_route=\/wp\/v2\/users\/2"}],"replies":[{"embeddable":true,"href":"http:\/\/www.havermeyer.de\/index.php?rest_route=%2Fwp%2Fv2%2Fcomments&post=4849"}],"version-history":[{"count":6,"href":"http:\/\/www.havermeyer.de\/index.php?rest_route=\/wp\/v2\/posts\/4849\/revisions"}],"predecessor-version":[{"id":4860,"href":"http:\/\/www.havermeyer.de\/index.php?rest_route=\/wp\/v2\/posts\/4849\/revisions\/4860"}],"wp:featuredmedia":[{"embeddable":true,"href":"http:\/\/www.havermeyer.de\/index.php?rest_route=\/wp\/v2\/media\/4850"}],"wp:attachment":[{"href":"http:\/\/www.havermeyer.de\/index.php?rest_route=%2Fwp%2Fv2%2Fmedia&parent=4849"}],"wp:term":[{"taxonomy":"category","embeddable":true,"href":"http:\/\/www.havermeyer.de\/index.php?rest_route=%2Fwp%2Fv2%2Fcategories&post=4849"},{"taxonomy":"post_tag","embeddable":true,"href":"http:\/\/www.havermeyer.de\/index.php?rest_route=%2Fwp%2Fv2%2Ftags&post=4849"}],"curies":[{"name":"wp","href":"https:\/\/api.w.org\/{rel}","templated":true}]}}