{"id":4027,"date":"2019-09-24T16:52:14","date_gmt":"2019-09-24T14:52:14","guid":{"rendered":"http:\/\/www.havermeyer.de\/?p=4027"},"modified":"2020-10-07T18:00:45","modified_gmt":"2020-10-07T16:00:45","slug":"fledermaeuse-faszinierende-akrobaten-der-luefte","status":"publish","type":"post","link":"http:\/\/www.havermeyer.de\/?p=4027","title":{"rendered":"Flederm\u00e4use \u2013 faszinierende Akrobaten der L\u00fcfte"},"content":{"rendered":"<figure id=\"attachment_4032\" aria-describedby=\"caption-attachment-4032\" style=\"width: 1500px\" class=\"wp-caption aligncenter\"><a href=\"http:\/\/www.havermeyer.de\/wp-content\/uploads\/2019\/09\/Fledermaus01b.jpg\"><img decoding=\"async\" loading=\"lazy\" class=\"size-full wp-image-4032\" src=\"http:\/\/www.havermeyer.de\/wp-content\/uploads\/2019\/09\/Fledermaus01b.jpg\" alt=\"\" width=\"1500\" height=\"1000\" srcset=\"http:\/\/www.havermeyer.de\/wp-content\/uploads\/2019\/09\/Fledermaus01b.jpg 1500w, http:\/\/www.havermeyer.de\/wp-content\/uploads\/2019\/09\/Fledermaus01b-300x200.jpg 300w, http:\/\/www.havermeyer.de\/wp-content\/uploads\/2019\/09\/Fledermaus01b-768x512.jpg 768w, http:\/\/www.havermeyer.de\/wp-content\/uploads\/2019\/09\/Fledermaus01b-1024x683.jpg 1024w, http:\/\/www.havermeyer.de\/wp-content\/uploads\/2019\/09\/Fledermaus01b-1200x800.jpg 1200w\" sizes=\"(max-width: 1500px) 100vw, 1500px\" \/><\/a><figcaption id=\"caption-attachment-4032\" class=\"wp-caption-text\">Dank seines Bat-Detektors sp\u00fcrt Fledermauskenner Martin Tillmanns an diesem Abend gleich mehrere Zwerg- und Teichflederm\u00e4use im Ortskern von Brochterbeck auf. Foto: Ulrike Havermeyer<\/figcaption><\/figure>\n<p><strong>Kaum legt sich die D\u00e4mmerung \u00fcber das Tecklenburger Land, kommen die Flederm\u00e4use aus ihren Verstecken geflattert und jagen in waghalsigen Flugman\u00f6vern durch die Nacht. Warum die akrobatisch veranlagten Insektenesser, die schon seit 50 Millionen Jahren auf diesem Planeten leben, in der Dunkelheit nicht anecken \u2013 von uns Menschen aber im Laufe von nur wenigen Jahrzehnten an den Rand ihrer Existenz gedr\u00e4ngt worden sind, erfahre ich in der vom Naturschutzbund Deutschland (Nabu) organisierten \u201eBatnight\u201c.<\/strong><\/p>\n<p>In der Deckung einer alten Kastanie lauert im Ortskern von Brochterbeck eine kleine Gruppe Naturfreunde und fixiert angestrengt den Himmel. \u201eDa!\u201c, ruft eine wei\u00dfhaarige Teilnehmerin aufgeregt und deutet nach schr\u00e4g oben, \u201eda war gerade eine! Oder war das eine Schwalbe\u2026?\u201c Wir anderen legen unsere K\u00f6pfe in den Nacken \u2013 und starren gebannt ins Nichts. Wer Flederm\u00e4use beobachten will \u2013 das wird jedem von uns schnell klar \u2013 braucht Geduld, Gl\u00fcck und einen ge\u00fcbten Guide. Wir haben an diesem Abend alles drei. Mit Martin Tillmanns f\u00fchrt uns ein echter Kenner der Materie durch die schummrige Dorfkulisse. Der 46-J\u00e4hrige hat in Braunschweig Biologie studiert, ist seit seinem siebten Lebensjahr beim Nabu und besch\u00e4ftigt sich seit mehr als 20 Jahren mit dem Thema Fledermausschutz.<\/p>\n<figure id=\"attachment_4029\" aria-describedby=\"caption-attachment-4029\" style=\"width: 555px\" class=\"wp-caption aligncenter\"><a href=\"http:\/\/www.havermeyer.de\/wp-content\/uploads\/2019\/09\/Fledermaus03.jpg\"><img decoding=\"async\" loading=\"lazy\" class=\"wp-image-4029\" src=\"http:\/\/www.havermeyer.de\/wp-content\/uploads\/2019\/09\/Fledermaus03-300x225.jpg\" alt=\"\" width=\"555\" height=\"416\" srcset=\"http:\/\/www.havermeyer.de\/wp-content\/uploads\/2019\/09\/Fledermaus03-300x225.jpg 300w, http:\/\/www.havermeyer.de\/wp-content\/uploads\/2019\/09\/Fledermaus03.jpg 640w\" sizes=\"(max-width: 555px) 100vw, 555px\" \/><\/a><figcaption id=\"caption-attachment-4029\" class=\"wp-caption-text\">Flederm\u00e4use m\u00f6gen es gerne kuschelig &#8211; nicht nur dicht aneinander gedr\u00e4ngt in ihren Quartieren, sondern auch als verletztes Tier in menschlicher Obhut. Foto: Olivia Kinzel<\/figcaption><\/figure>\n<p>So ganz viel, r\u00e4umt Tillmanns ein, wisse man allerdings noch gar nicht \u00fcber die Lebensweise der Flederm\u00e4use. Das liegt wohl nicht zuletzt daran, dass sich die pelzigen Flieger eine Nische in der Welt erobert haben, die f\u00fcr uns Menschen schwer zug\u00e4nglich ist: Ausgerechnet wenn es dunkel wird und unsere Sehkraft schwindet, beginnt das n\u00e4chtliche \u201eTagewerk\u201c der possierlichen Kobolde der L\u00fcfte. Und anders als die Rufe von Kauz oder Eule, nehmen wir das turbulente Stimmengewirr der Flederm\u00e4use gar nicht wahr: Denn just da, wo das menschliche Geh\u00f6r endet \u2013 je nach Alter bei einer Frequenz von 16 bis 18 Kilohertz, setzt die Kommunikation der Flederm\u00e4use \u00fcberhaupt erst ein: Ihre Orientierungs-, Jagd- und Kontaktrufe senden sie im Ultraschallbereich zwischen 20 und 140 Kilohertz aus. Nicht gerade eine ideale Basis f\u00fcr tiefsch\u00fcrfende Gespr\u00e4che zwischen Mensch und Fledermaus.<\/p>\n<p>Wie gut also, dass in den 1990er Jahren mobile Ger\u00e4te entwickelt wurden, die die T\u00f6ne der Flederm\u00e4use direkt vor Ort umwandeln und nicht nur f\u00fcr das menschliche Ohr h\u00f6r-, sondern sogar als Spektrogramm f\u00fcr unsere Augen sichtbar machen. Und noch besser: Nat\u00fcrlich hat Tillmanns einen Bat-Detektor der j\u00fcngsten Generation mit dabei. Mit wenigen Handgriffen, einem entsprechenden Mikrofon-Modul und samt zugeh\u00f6riger App verwandelt sich sein digitales Tablet nicht nur in ein Fledermaus-Such-, sondern wie sich alsbald herausstellt, auch in ein zuverl\u00e4ssiges Fledermaus-Finde-Hilfsmittel.<\/p>\n<figure id=\"attachment_4030\" aria-describedby=\"caption-attachment-4030\" style=\"width: 555px\" class=\"wp-caption aligncenter\"><a href=\"http:\/\/www.havermeyer.de\/wp-content\/uploads\/2019\/09\/Fledermaus04.jpg\"><img decoding=\"async\" loading=\"lazy\" class=\"wp-image-4030\" src=\"http:\/\/www.havermeyer.de\/wp-content\/uploads\/2019\/09\/Fledermaus04-300x225.jpg\" alt=\"\" width=\"555\" height=\"416\" srcset=\"http:\/\/www.havermeyer.de\/wp-content\/uploads\/2019\/09\/Fledermaus04-300x225.jpg 300w, http:\/\/www.havermeyer.de\/wp-content\/uploads\/2019\/09\/Fledermaus04.jpg 640w\" sizes=\"(max-width: 555px) 100vw, 555px\" \/><\/a><figcaption id=\"caption-attachment-4030\" class=\"wp-caption-text\">Auch ein Smartphone l\u00e4sst sich mit der entsprechenden App als Fledermaus-Detektor nutzen. Foto: Martin Tillmanns<\/figcaption><\/figure>\n<p>Denn keine zwei Minuten sp\u00e4ter knattert bereits das sanfte Stakkato, ganz \u00e4hnlich dem eines anschwellenden Technobeats, aus dem kleinen Lautsprecher des Tablets. Und \u00fcber das Display ziehen blaue und gr\u00fcne Ausschl\u00e4ge, die den unkundigen Exkursionsteilnehmer eher an ein stimmungsvolles Nordlicht, denn an ein Erkennungsprofil erinnern. Tillmanns wei\u00df die Optik allerdings zu deuten: \u201eHier \u00fcber uns jagt gerade eine Zwergfledermaus\u201c, lenkt er unsere Aufmerksamkeit himmelw\u00e4rts. Und tats\u00e4chlich: In ausgedehnten Schleifen kreist die Silhouette des winzigen Rhythmusk\u00fcnstlers, der da f\u00fcr den markanten Sound verantwortlich ist, \u00fcber uns hinweg.<\/p>\n<p>Wie ein fliegendes Mini-U-Boot orientiert sich die Fledermaus mithilfe der Ultraschall-Echoortung in den lichtschwachen Gefilden ihres Reviers. Die hochfrequenten Schallwellen, die die Tiere dabei in ihrem Kehlkopf erzeugen und je nach systematischer Familienzugeh\u00f6rigkeit durch den Mund (Glattnasen) oder die Nase (Hufeisennasen) aussto\u00dfen, treffen auf die Strukturen in der Umgebung \u2013 H\u00e4user, B\u00e4ume, potenzielle Beutetiere, neugierige Exkursionsteilnehmer \u2013 und werden von diesen \u201eHindernissen\u201c als Echo zur\u00fcck in die sensiblen Ohren der Fledermaus geworfen. Das Gehirn der Fledermaus verarbeitet das sich st\u00e4ndig aktualisierende Echo zu einem dreidimensionalen H\u00f6rbild, in dessen Kulisse sich der n\u00e4chtliche J\u00e4ger bestens zurechtfindet.<\/p>\n<figure id=\"attachment_4038\" aria-describedby=\"caption-attachment-4038\" style=\"width: 444px\" class=\"wp-caption aligncenter\"><a href=\"http:\/\/www.havermeyer.de\/wp-content\/uploads\/2019\/09\/Fledermaus02b.jpg\"><img decoding=\"async\" loading=\"lazy\" class=\"wp-image-4038\" src=\"http:\/\/www.havermeyer.de\/wp-content\/uploads\/2019\/09\/Fledermaus02b-300x260.jpg\" alt=\"\" width=\"444\" height=\"385\" srcset=\"http:\/\/www.havermeyer.de\/wp-content\/uploads\/2019\/09\/Fledermaus02b-300x260.jpg 300w, http:\/\/www.havermeyer.de\/wp-content\/uploads\/2019\/09\/Fledermaus02b.jpg 476w\" sizes=\"(max-width: 444px) 100vw, 444px\" \/><\/a><figcaption id=\"caption-attachment-4038\" class=\"wp-caption-text\">Nur in bisssicheren Handschuhen sollten Flederm\u00e4use gehalten werden &#8211; es besteht Tollwutgefahr. Foto: Olivia Kinzel<\/figcaption><\/figure>\n<p>Zwischen 3000 und 5000 M\u00fccken verspeise eine Zwergfledermaus an einem Abend, berichtet Tillmanns. Und wer jetzt an das von uns Menschen mit verursachte Insektensterben denkt, dem d\u00fcrfte beim Anblick des kleinen S\u00e4ugers, der da emsig durch die L\u00fcfte flattert, ziemlich mulmig zumute werden: Denn nicht nur die in unserer Wahrnehmung oft viel pr\u00e4senteren Singv\u00f6gel leiden zurzeit unter akuter Futterknappheit\u2026 \u201eBeim Anlegen einer Bl\u00fchwiese im heimischen Garten sollte man also nicht nur an Pflanzen f\u00fcr Tagfalter und Bienen denken\u201c, regt Tillmanns an, \u201esondern auch Bl\u00fcten f\u00fcr Nachtfalter ber\u00fccksichtigen.\u201c Dazu z\u00e4hlen beispielsweise gew\u00f6hnliches Leimkraut, Seifenkraut und Wegwarte.<\/p>\n<p>Was den Flederm\u00e4usen au\u00dfer der industrialisierten Landwirtschaft mit all ihren Folgen ebenfalls schwer zu schaffen macht, ist der Trend der Westeurop\u00e4er zur effizienten Sanierung ihrer Wohnh\u00e4user und anderer Geb\u00e4ude. \u201eWenn alle Fugen, Ritzen und Spalten akribisch verschlossen und abgedichtet werden, finden Flederm\u00e4use immer weniger Unterschlupfe\u201c, erl\u00e4utert Tillmanns. Und die brauchen sie dringender denn je \u2013 denn aufgrund der wohl immer hei\u00dfer werdenden Sommer, sterben besonders die Jungtiere zunehmend den Hitzetod. Auch knorzige alte B\u00e4ume dienen mit derben Rinden, Spechth\u00f6hlen und Astl\u00f6chern als willkommenes Versteck.<\/p>\n<p><strong>Wohnungsnot beheben helfen<\/strong><\/p>\n<p>H\u00e4usliches Energiesparen und Fledermausschutz schlie\u00dfen einander aber zum Gl\u00fcck nicht aus. Inzwischen werde eine gro\u00dfe Auswahl an Spezialmauersteinen, -ziegeln und -dachpfannen angeboten, die sowohl die Bed\u00fcrfnisse der Bauherren wie auch die der Flederm\u00e4use ber\u00fccksichtigen, erl\u00e4utert Tillmanns, und viele Handwerker w\u00fcrden bei Sanierungsauftr\u00e4gen auf entsprechende Materialien hinweisen. Zus\u00e4tzlich k\u00f6nnen k\u00fcnstliche Quartiere in Gestalt von selbst gebastelten oder fertig gekauften Fledermausk\u00e4sten angebracht werden.<\/p>\n<p>Wer mehr dar\u00fcber erfahren m\u00f6chte, wie sich das Eigenheim fledermausfreundlich sanieren oder der Neubau von vornherein wildtiergerecht anlegen l\u00e4sst, oder wie man den Flederm\u00e4usen sonst noch beim \u00dcberleben unter die Fl\u00fcgel greifen kann, sollte sich direkt bei Martin Tillanns, Telefon 0176 24677866, E-Mail martin.tillmanns@icloud.com, erkundigen. Der Nabu informiert auf www.nabu.de\/tiere-und-pflanzen\/saeugetiere\/fledermaeuse ebenfalls ausf\u00fchrlich rund um das Thema Flederm\u00e4use.<\/p>\n<figure id=\"attachment_4034\" aria-describedby=\"caption-attachment-4034\" style=\"width: 444px\" class=\"wp-caption aligncenter\"><a href=\"http:\/\/www.havermeyer.de\/wp-content\/uploads\/2019\/09\/Fledermaus05.jpg\"><img decoding=\"async\" loading=\"lazy\" class=\"wp-image-4034\" src=\"http:\/\/www.havermeyer.de\/wp-content\/uploads\/2019\/09\/Fledermaus05-300x203.jpg\" alt=\"\" width=\"444\" height=\"301\" srcset=\"http:\/\/www.havermeyer.de\/wp-content\/uploads\/2019\/09\/Fledermaus05-300x203.jpg 300w, http:\/\/www.havermeyer.de\/wp-content\/uploads\/2019\/09\/Fledermaus05.jpg 640w\" sizes=\"(max-width: 444px) 100vw, 444px\" \/><\/a><figcaption id=\"caption-attachment-4034\" class=\"wp-caption-text\">Foto: Klaus Bogon<\/figcaption><\/figure>\n<div class=\"xpos-overlay\"><strong>\u00a0Sechs Fakten \u00fcber Flederm\u00e4use:<\/strong><\/div>\n<div><\/div>\n<div class=\"ce-xpos-infobox-content-preview\">\n<div>\n<div>\n<ul>\n<li>Flederm\u00e4use geh\u00f6ren zu den S\u00e4ugetieren. Die Weibchen geb\u00e4ren im Fr\u00fchjahr ein Jungtier, selten zwei. Sie schlafen und ruhen kopf\u00fcber in H\u00f6hlen, alten Dachst\u00fchlen oder anderen Unterschlupfen, indem sie sich mit den Krallen ihrer Hinterf\u00fc\u00dfe in der Decke verankern.<\/li>\n<li>Fledermaus-M\u00fctter schlie\u00dfen sich zur gemeinsamen Aufzucht ihrer Jungen im Fr\u00fchjahr zu Wochenstuben zusammen. Die Jungtiere werden etwa vier bis sechs Wochen von ihren M\u00fcttern ges\u00e4ugt.<\/li>\n<li>In Deutschland gibt es 25 verschiedene Arten von Flederm\u00e4usen. Die kleinsten sind die Zwerg- und die M\u00fcckenfledermaus, die mit angelegten Fl\u00fcgeln in einer Streichholzschachtel Platz finden (Gewicht: um f\u00fcnf Gramm). Die gr\u00f6\u00dfte heimische Art ist das Gro\u00dfe Mausohr (Fl\u00fcgelspannweite: gut 40 Zentimeter, Gewicht: um 26 Gramm). Weltweit gibt es mehr als 1200 Arten. Unsere heimischen Flederm\u00e4use ern\u00e4hren sich allesamt von Insekten.<\/li>\n<li>Flederm\u00e4use halten einen Winterschlaf von etwa Anfang November bis Ende M\u00e4rz, bei dem sie kopf\u00fcber in H\u00f6hlen, Stollen, alten Dachst\u00fchlen oder Kellern h\u00e4ngen. In dieser Zeit reduziert sich ihr Puls auf unter zehn Schl\u00e4ge pro Minute. Beim Jagdflug schl\u00e4gt das Herz mancher Arten dagegen bis zu Tausendmal pro Minute.<\/li>\n<li>Werden Flederm\u00e4use in ihrem Winterschlaf gest\u00f6rt, kann das t\u00f6dlich f\u00fcr sie sein. Weil der unplanm\u00e4\u00dfig hochgefahrene Stoffwechsel augenblicklich nach Nahrung in Form von Insekten verlangt, die es aber im Winter nicht gen\u00fcgend gibt, verhungert die aufgeschreckte Fledermaus. Daher sind viele Winterquartiere mit Gittert\u00fcren verschlossen.<\/li>\n<li>Wer eine verletzte oder sich merkw\u00fcrdig verhaltende Fledermaus findet, sollte sie nicht (oder nur mit bissfesten Handschuhen) anfassen, denn das Tier k\u00f6nnte an Tollwut erkrankt sein. Stattdessen sollte man sich an einen Tierarzt, an die \u00f6rtliche Naturschutzgruppe oder die Fledermaus-Hotline des Nabu 030 2849845000 wenden. Fragen beantwortet au\u00dferdem Sebastian Kolberg, Referent f\u00fcr Artenschutz des Nabu, Telefon 030 2849841635.<\/li>\n<\/ul>\n<p><em>(Erschienen in: Neue Osnabr\u00fccker Zeitung, 11. September 2019)<\/em><\/p>\n<\/div>\n<\/div>\n<\/div>\n","protected":false},"excerpt":{"rendered":"<p>Kaum legt sich die D\u00e4mmerung \u00fcber das Tecklenburger Land, kommen die Flederm\u00e4use aus ihren Verstecken geflattert und jagen in waghalsigen Flugman\u00f6vern durch die Nacht. Warum die akrobatisch veranlagten Insektenesser, die schon seit 50 Millionen Jahren [&hellip;]<\/p>\n","protected":false},"author":2,"featured_media":4034,"comment_status":"closed","ping_status":"open","sticky":false,"template":"","format":"gallery","meta":{"_links_to":"","_links_to_target":""},"categories":[4,80],"tags":[1041,1042,1040,1043,40],"_links":{"self":[{"href":"http:\/\/www.havermeyer.de\/index.php?rest_route=\/wp\/v2\/posts\/4027"}],"collection":[{"href":"http:\/\/www.havermeyer.de\/index.php?rest_route=\/wp\/v2\/posts"}],"about":[{"href":"http:\/\/www.havermeyer.de\/index.php?rest_route=\/wp\/v2\/types\/post"}],"author":[{"embeddable":true,"href":"http:\/\/www.havermeyer.de\/index.php?rest_route=\/wp\/v2\/users\/2"}],"replies":[{"embeddable":true,"href":"http:\/\/www.havermeyer.de\/index.php?rest_route=%2Fwp%2Fv2%2Fcomments&post=4027"}],"version-history":[{"count":10,"href":"http:\/\/www.havermeyer.de\/index.php?rest_route=\/wp\/v2\/posts\/4027\/revisions"}],"predecessor-version":[{"id":4054,"href":"http:\/\/www.havermeyer.de\/index.php?rest_route=\/wp\/v2\/posts\/4027\/revisions\/4054"}],"wp:featuredmedia":[{"embeddable":true,"href":"http:\/\/www.havermeyer.de\/index.php?rest_route=\/wp\/v2\/media\/4034"}],"wp:attachment":[{"href":"http:\/\/www.havermeyer.de\/index.php?rest_route=%2Fwp%2Fv2%2Fmedia&parent=4027"}],"wp:term":[{"taxonomy":"category","embeddable":true,"href":"http:\/\/www.havermeyer.de\/index.php?rest_route=%2Fwp%2Fv2%2Fcategories&post=4027"},{"taxonomy":"post_tag","embeddable":true,"href":"http:\/\/www.havermeyer.de\/index.php?rest_route=%2Fwp%2Fv2%2Ftags&post=4027"}],"curies":[{"name":"wp","href":"https:\/\/api.w.org\/{rel}","templated":true}]}}