{"id":1052,"date":"2016-08-02T21:13:46","date_gmt":"2016-08-02T19:13:46","guid":{"rendered":"http:\/\/www.havermeyer.de\/?p=1052"},"modified":"2016-08-13T22:21:34","modified_gmt":"2016-08-13T20:21:34","slug":"die-gaertners-zelebrieren-kunst-als-teamarbeit","status":"publish","type":"post","link":"http:\/\/www.havermeyer.de\/?p=1052","title":{"rendered":"Die G\u00e4rtners zelebrieren Kunst als Teamarbeit"},"content":{"rendered":"<figure id=\"attachment_1053\" aria-describedby=\"caption-attachment-1053\" style=\"width: 1500px\" class=\"wp-caption aligncenter\"><a href=\"http:\/\/www.havermeyer.de\/wp-content\/uploads\/2016\/07\/K\u00fcnstlerduo1b.jpg\" rel=\"attachment wp-att-1053\"><img decoding=\"async\" loading=\"lazy\" class=\"size-full wp-image-1053\" src=\"http:\/\/www.havermeyer.de\/wp-content\/uploads\/2016\/07\/K\u00fcnstlerduo1b.jpg\" alt=\"Zeigst du mir deins, zeig ich dir meins: Birgitta und Karl-Heinz G\u00e4rtner pr\u00e4sentieren ihre Werke. \u201eWir inspirieren uns gegenseitig\u201c, beschreiben sie ihre gemeinsame Leidenschaft. Foto: Ulrike Havermeyer\" width=\"1500\" height=\"1099\" srcset=\"http:\/\/www.havermeyer.de\/wp-content\/uploads\/2016\/07\/K\u00fcnstlerduo1b.jpg 1500w, http:\/\/www.havermeyer.de\/wp-content\/uploads\/2016\/07\/K\u00fcnstlerduo1b-300x220.jpg 300w, http:\/\/www.havermeyer.de\/wp-content\/uploads\/2016\/07\/K\u00fcnstlerduo1b-768x563.jpg 768w, http:\/\/www.havermeyer.de\/wp-content\/uploads\/2016\/07\/K\u00fcnstlerduo1b-1024x750.jpg 1024w, http:\/\/www.havermeyer.de\/wp-content\/uploads\/2016\/07\/K\u00fcnstlerduo1b-1200x879.jpg 1200w\" sizes=\"(max-width: 1500px) 100vw, 1500px\" \/><\/a><figcaption id=\"caption-attachment-1053\" class=\"wp-caption-text\">Zeigst du mir deins, zeig ich dir meins: Birgitta und Karl-Heinz G\u00e4rtner pr\u00e4sentieren ihre Werke. \u201eWir inspirieren uns gegenseitig\u201c, beschreiben sie ihre gemeinsame Leidenschaft. Fotos (3): Ulrike Havermeyer<\/figcaption><\/figure>\n<p class=\"teaser\"><strong>Ansteckend. Inspirierend. Bereichernd. Wie Kunst als Teamarbeit funktioniert, zeigen Birgitta und Karl-Heinz G\u00e4rtner aus Glandorf. Wenn das Ehepaar zu Pinsel und Zeichenstift greift, steht die Freude an der gemeinsamen Leidenschaft im Mittelpunkt.<\/strong><\/p>\n<div id=\"content-jump-to\" class=\"content\">\n<p>In ihrem ersten Leben, damals in F\u00fcchtorf, haben Birgitta und Karl-Heinz G\u00e4rtner Reitpferde gehalten. Dazu Schafe, H\u00fchner, Tauben und einen Hund. Karl-Heinz G\u00e4rtner war neben seiner T\u00e4tigkeit als Unternehmensberater als ambitionierter Vielseitigkeitsreiter auf den Turnierpl\u00e4tzen der Region unterwegs. Seine Frau k\u00fcmmerte sich um Sohn Daniel, versorgte die Tiere und lie\u00df ihrer Kreativit\u00e4t vor allem im eigenen Garten freien Lauf. Die beiden l\u00e4cheln einander an. \u201eDas war auch eine sehr sch\u00f6ne Zeit\u201c, sagt die 62-j\u00e4hrige. \u201eHerrlich!\u201c, f\u00fcgt ihr Mann hinzu. In den Augen der beiden blitzt die Erinnerung auf.<\/p>\n<p><em>Kreativer Neuanfang<\/em><\/p>\n<figure id=\"attachment_1063\" aria-describedby=\"caption-attachment-1063\" style=\"width: 300px\" class=\"wp-caption alignleft\"><a href=\"http:\/\/www.havermeyer.de\/wp-content\/uploads\/2016\/07\/KD6b.jpg\" rel=\"attachment wp-att-1063\"><img decoding=\"async\" loading=\"lazy\" class=\"size-medium wp-image-1063\" src=\"http:\/\/www.havermeyer.de\/wp-content\/uploads\/2016\/07\/KD6b-300x225.jpg\" alt=\"Gemeinschaftsprojekt: W\u00e4hrend Karl-Heinz G\u00e4rtner die Perspektive in diesem Landschaftsbild angelegt hat, hat sich seine Frau Birgitta um die Lichteffekte gek\u00fcmmert. Foto: Ulrike Havermeyer\" width=\"300\" height=\"225\" srcset=\"http:\/\/www.havermeyer.de\/wp-content\/uploads\/2016\/07\/KD6b-300x225.jpg 300w, http:\/\/www.havermeyer.de\/wp-content\/uploads\/2016\/07\/KD6b-768x576.jpg 768w, http:\/\/www.havermeyer.de\/wp-content\/uploads\/2016\/07\/KD6b-1024x768.jpg 1024w, http:\/\/www.havermeyer.de\/wp-content\/uploads\/2016\/07\/KD6b-1200x900.jpg 1200w, http:\/\/www.havermeyer.de\/wp-content\/uploads\/2016\/07\/KD6b-730x550.jpg 730w, http:\/\/www.havermeyer.de\/wp-content\/uploads\/2016\/07\/KD6b.jpg 1500w\" sizes=\"(max-width: 300px) 100vw, 300px\" \/><\/a><figcaption id=\"caption-attachment-1063\" class=\"wp-caption-text\">Gemeinschaftsprojekt: W\u00e4hrend Karl-Heinz G\u00e4rtner die Perspektive in diesem Landschaftsgem\u00e4lde angelegt hat, hat sich seine Frau Birgitta um die Lichteffekte gek\u00fcmmert.<\/figcaption><\/figure>\n<p>Doch mit dem Umzug 2004 nach Glandorf schlugen die G\u00e4rtners ein neues Kapitel in ihrer gemeinsamen Biografie auf. Nicht wehm\u00fctig, sondern konsequent und voller Neugier, was das Leben als n\u00e4chstes f\u00fcr sie bereit halten w\u00fcrde. \u201eIch bin ein Mensch, der gern auf andere zugeht\u201c, sagt Birgitta G\u00e4rtner. Dass sie \u00fcber eine k\u00fcnstlerische Ader und ein au\u00dfergew\u00f6hnliches Farbverst\u00e4ndnis verf\u00fcgt, haben ihre Lehrer der geb\u00fcrtigen Beckumerin schon in der Schule bescheinigt. Das Bed\u00fcrfnis, ihr Umfeld \u00e4sthetisch zu gestalten, zieht sich wie ein roter Faden durch ihr Leben. \u201eWas also lag n\u00e4her, als einen Malkurs zu besuchen, um eine alte Leidenschaft wieder aufleben zu lassen und dabei zugleich frische Kontakte zu kn\u00fcpfen?\u201c, dachte sie und packte sie die Gelegenheit des Neuanfangs beim Schopf. Und so kam der Stein ins Rollen, die Farbe auf die Leinwand und das Ehepaar G\u00e4rtner sich noch ein St\u00fcckchen n\u00e4her.<\/p>\n<p><em>Ausgepr\u00e4gtes &#8222;Bauchhirn&#8220;<\/em><\/p>\n<p>Den ersten Aquarellen von Birgitta G\u00e4rtner folgten schon bald gro\u00dfformatige Arbeiten aus Acryl und jede Menge Experimente: Ob Schlagmetall, Marmormehl oder Holzsp\u00e4ne \u2013 die Bilder der 62-J\u00e4hrigen bestehen beileibe nicht blo\u00df aus Licht und Farbe. \u201eIch probiere alle m\u00f6glichen Materialien aus\u201c, verweist sie schmunzelnd auf ihr ausgepr\u00e4gtes \u201eBauchhirn\u201c. Verrostete Landschaften. Seidenweiche Szenerien. Berauschende Momentaufnahmen. Davon, dass die Verarbeitung ihrer Eindr\u00fccke sowohl mit Verstand als auch mit Intuition keinen Kompromiss, sondern pure Synergie zum Ausdruck bringt, zeugt auch der lebhafte Zuspruch, den die Malerin nicht nur bei ihren Ausstellungen, sondern auch von ihren gleichgesinnten Mitstreiterinnen in der Malschule von Beate Bardenheuer erh\u00e4lt.<\/p>\n<p><em>Aus dem Sattel an die Palette<\/em><\/p>\n<figure id=\"attachment_1064\" aria-describedby=\"caption-attachment-1064\" style=\"width: 300px\" class=\"wp-caption alignright\"><a href=\"http:\/\/www.havermeyer.de\/wp-content\/uploads\/2016\/08\/K\u00fcnstlerduo2b.jpg\" rel=\"attachment wp-att-1064\"><img decoding=\"async\" loading=\"lazy\" class=\"size-medium wp-image-1064\" src=\"http:\/\/www.havermeyer.de\/wp-content\/uploads\/2016\/08\/K\u00fcnstlerduo2b-300x200.jpg\" alt=\"Den knorzigen Olivenbaum aus dem Urlaub mit nach Hause nehmen, ging leider nicht. Also hat ihr Mann ein Foto geschossen, und Birgitta G\u00e4rtner hat das Lieblingsst\u00fcck zuhause auf die Leinwand gezaubert. Foto: Ulrike Havermeyer K\u00fcnstlerduo1b KD6b K\u00fcnstlerduo2b Den knorzigen Olivenbaum aus dem Urlaub mit nach Hause nehmen, ging leider nicht. Also hat ihr Mann ein Foto geschossen, und Birgitta G\u00e4rtner hat das Lieblingsst\u00fcck zuhause auf die Leinwand gezaubert. Foto: Ulrike Havermeyer K\u00fcnstlerduo1b KD6b K\u00fcnstlerduo2b KD5b Den knorzigen Olivenbaum aus dem Urlaub mit nach Hause nehmen, ging leider nicht. Also hat ihr Mann ein Foto geschossen, und Birgitta G\u00e4rtner hat das Lieblingsst\u00fcck zuhause auf die Leinwand gezaubert. Foto: Ulrike Havermeyer K\u00fcnstlerduo1b KD6b K\u00fcnstlerduo2b KD5b Den knorzigen Olivenbaum aus dem Urlaub mit nach Hause nehmen, ging leider nicht. Also hat ihr Mann ein Foto geschossen, und Birgitta G\u00e4rtner hat das Lieblingsst\u00fcck zuhause auf die Leinwand gezaubert. Foto: Ulrike Havermeyer K\u00fcnstlerduo1b KD6b K\u00fcnstlerduo2b Den knorzigen Olivenbaum aus dem Urlaub mit nach Hause nehmen, ging leider nicht. Also hat ihr Mann ein Foto geschossen, und Birgitta G\u00e4rtner hat das Lieblingsst\u00fcck zuhause auf die Leinwand gezaubert. \" width=\"300\" height=\"200\" srcset=\"http:\/\/www.havermeyer.de\/wp-content\/uploads\/2016\/08\/K\u00fcnstlerduo2b-300x200.jpg 300w, http:\/\/www.havermeyer.de\/wp-content\/uploads\/2016\/08\/K\u00fcnstlerduo2b-768x511.jpg 768w, http:\/\/www.havermeyer.de\/wp-content\/uploads\/2016\/08\/K\u00fcnstlerduo2b-1024x681.jpg 1024w, http:\/\/www.havermeyer.de\/wp-content\/uploads\/2016\/08\/K\u00fcnstlerduo2b-1200x798.jpg 1200w, http:\/\/www.havermeyer.de\/wp-content\/uploads\/2016\/08\/K\u00fcnstlerduo2b.jpg 1500w\" sizes=\"(max-width: 300px) 100vw, 300px\" \/><\/a><figcaption id=\"caption-attachment-1064\" class=\"wp-caption-text\">Den knorzigen Olivenbaum aus dem Urlaub mit nach Hause nehmen, ging leider nicht. Also hat ihr Mann ein Foto geschossen, und Birgitta G\u00e4rtner hat das Lieblingsst\u00fcck zuhause auf die Leinwand gezaubert.<\/figcaption><\/figure>\n<p>Aber wie geht das zu, dass ein bodenst\u00e4ndiger Reiter aus dem Sattel heraus an die Farbpalette ger\u00e4t? Karl-Heinz G\u00e4rtner wiegt lachend den Kopf und kann es sich noch immer kaum selber erkl\u00e4ren, wie lange er die eigene Kreativit\u00e4t als Kraftquelle f\u00fcr den Alltag schlichtweg ignoriert hat. \u201eAls ich dann aber die tollen Werke meiner Frau gesehen und mitbekommen habe, wie viel Freude ihr die Malerei macht und wie viel Energie sie daraus sch\u00f6pft\u201c, schw\u00e4rmt Karl-Heinz G\u00e4rtner, \u201ehabe ich gedacht: Vielleicht w\u00e4re das ja auch was f\u00fcr mich \u2013 und habe sie einfach zu ihrem Malkurs begleitet.\u201c<\/p>\n<p><em>Lob von allen Seiten<\/em><\/p>\n<p>Als Hahn im Korb habe er als Anf\u00e4nger \u201eLob von allen Seiten\u201c bekommen und sei dementsprechend motiviert an die Sache herangegangen, erinnert er sich am\u00fcsiert. Doch sein neu entdecktes Hobby war kein kurzes Vergn\u00fcgen, sondern hat sich auch f\u00fcr ihn als ein tragf\u00e4higer Ausgleich erwiesen: \u201eIch bin zwar immer noch in der Probierphase\u201c, beschreibt er die Suche nach seinem pers\u00f6nlichen Stil. \u201eAber wenn meine Frau und ich gemeinsam an unseren Bilder arbeiten, uns gegenseitig austauschen und inspirieren \u2013 dann tut uns das unbeschreiblich gut.\u201c<\/p>\n<p><em>(Erschienen in: Neue Osnabr\u00fccker Zeitung, 10.06.2016)<\/em><\/p>\n<\/div>\n","protected":false},"excerpt":{"rendered":"<p>Ansteckend. Inspirierend. Bereichernd. Wie Kunst als Teamarbeit funktioniert, zeigen Birgitta und Karl-Heinz G\u00e4rtner aus Glandorf. Wenn das Ehepaar zu Pinsel und Zeichenstift greift, steht die Freude an der gemeinsamen Leidenschaft im Mittelpunkt. In ihrem ersten [&hellip;]<\/p>\n","protected":false},"author":2,"featured_media":1053,"comment_status":"closed","ping_status":"open","sticky":false,"template":"","format":"gallery","meta":{"_links_to":"","_links_to_target":""},"categories":[6,80],"tags":[49,155,310],"_links":{"self":[{"href":"http:\/\/www.havermeyer.de\/index.php?rest_route=\/wp\/v2\/posts\/1052"}],"collection":[{"href":"http:\/\/www.havermeyer.de\/index.php?rest_route=\/wp\/v2\/posts"}],"about":[{"href":"http:\/\/www.havermeyer.de\/index.php?rest_route=\/wp\/v2\/types\/post"}],"author":[{"embeddable":true,"href":"http:\/\/www.havermeyer.de\/index.php?rest_route=\/wp\/v2\/users\/2"}],"replies":[{"embeddable":true,"href":"http:\/\/www.havermeyer.de\/index.php?rest_route=%2Fwp%2Fv2%2Fcomments&post=1052"}],"version-history":[{"count":4,"href":"http:\/\/www.havermeyer.de\/index.php?rest_route=\/wp\/v2\/posts\/1052\/revisions"}],"predecessor-version":[{"id":1066,"href":"http:\/\/www.havermeyer.de\/index.php?rest_route=\/wp\/v2\/posts\/1052\/revisions\/1066"}],"wp:featuredmedia":[{"embeddable":true,"href":"http:\/\/www.havermeyer.de\/index.php?rest_route=\/wp\/v2\/media\/1053"}],"wp:attachment":[{"href":"http:\/\/www.havermeyer.de\/index.php?rest_route=%2Fwp%2Fv2%2Fmedia&parent=1052"}],"wp:term":[{"taxonomy":"category","embeddable":true,"href":"http:\/\/www.havermeyer.de\/index.php?rest_route=%2Fwp%2Fv2%2Fcategories&post=1052"},{"taxonomy":"post_tag","embeddable":true,"href":"http:\/\/www.havermeyer.de\/index.php?rest_route=%2Fwp%2Fv2%2Ftags&post=1052"}],"curies":[{"name":"wp","href":"https:\/\/api.w.org\/{rel}","templated":true}]}}