{"id":1043,"date":"2016-08-08T12:07:44","date_gmt":"2016-08-08T10:07:44","guid":{"rendered":"http:\/\/www.havermeyer.de\/?p=1043"},"modified":"2019-06-10T09:51:22","modified_gmt":"2019-06-10T07:51:22","slug":"calito-ein-hund-von-hoher-moral","status":"publish","type":"post","link":"http:\/\/www.havermeyer.de\/?p=1043","title":{"rendered":"Calito \u2013 ein Hund von hoher Moral"},"content":{"rendered":"<figure id=\"attachment_1044\" aria-describedby=\"caption-attachment-1044\" style=\"width: 1500px\" class=\"wp-caption aligncenter\"><a href=\"http:\/\/www.havermeyer.de\/wp-content\/uploads\/2016\/07\/Hund1b.jpg\" rel=\"attachment wp-att-1044\"><img decoding=\"async\" loading=\"lazy\" class=\"size-full wp-image-1044\" src=\"http:\/\/www.havermeyer.de\/wp-content\/uploads\/2016\/07\/Hund1b.jpg\" alt=\"Nicht nur auf den Hund, sondern auch aufs Fahrrad gekommen ist Ruth Kramer. Ins Auto steigt die Westerkappelnerin nur noch selten. Foto: Ulrike Havermeyer\" width=\"1500\" height=\"1022\" srcset=\"http:\/\/www.havermeyer.de\/wp-content\/uploads\/2016\/07\/Hund1b.jpg 1500w, http:\/\/www.havermeyer.de\/wp-content\/uploads\/2016\/07\/Hund1b-300x204.jpg 300w, http:\/\/www.havermeyer.de\/wp-content\/uploads\/2016\/07\/Hund1b-768x523.jpg 768w, http:\/\/www.havermeyer.de\/wp-content\/uploads\/2016\/07\/Hund1b-1024x698.jpg 1024w, http:\/\/www.havermeyer.de\/wp-content\/uploads\/2016\/07\/Hund1b-1200x818.jpg 1200w\" sizes=\"(max-width: 1500px) 100vw, 1500px\" \/><\/a><figcaption id=\"caption-attachment-1044\" class=\"wp-caption-text\">Nicht nur auf den Hund, sondern auch aufs Fahrrad gekommen ist Ruth Kramer. Ins Auto steigt die Westerkappelnerin nur noch selten. Foto: Ulrike Havermeyer<\/figcaption><\/figure>\n<p><strong>Die Ohren aufgestellt, die Nase im Wind, l\u00e4sst sich Calito durchs Revier kutschieren: in einem sehr speziellen Vehikel. Seine Besitzer haben das auff\u00e4llige Dog-Velo eigens f\u00fcr ihn angeschafft \u2013 und l\u00e4ngst ist der Blickfang zu einem Lieblingsplatz geworden.<br \/>\n<\/strong><\/p>\n<p>Man guckt auch Vierbeinern immer blo\u00df bis vor die Stirn. Ob Calitos Verhalten auf einem ausgekl\u00fcgelten Plan beruht, bleibt Spekulation. Aber eines steht fest: Der pfiffige R\u00fcde hat das Leben seiner Besitzer, Ruth und Uwe Kramer aus Westerkappeln, nachhaltig ver\u00e4ndert. Zum Besseren, geben beide unumwunden zu: sowohl f\u00fcr die Umwelt als auch f\u00fcr die eigene Gesundheit. \u201eSeit wir den Hund haben, fahren wir so gut wie gar nicht mehr mit dem Auto\u201c, stellt Ruth Kramer \u2013 von der Radikalit\u00e4t des Wandels selbst noch ein wenig \u00fcberrascht \u2013 fest. Ein gut ausgebautes regionales Radwegenetz, \u00fcberwiegend ebenes Gel\u00e4nde und die sich durch t\u00e4gliches Training best\u00e4ndig steigernde Fitness: \u201eWenn man erstmal damit anf\u00e4ngt, merkt man, dass man von Westerkappeln bis nach Osnabr\u00fcck eigentlich alles mit dem Fahrrad erledigen kann.\u201c<\/p>\n<p><em>\u00d6kologischer Pfotenabdruck<\/em><\/p>\n<p>Ob sich etwa auch Hunde mit den Folgen ihres \u00f6kologischen Pfotenabdrucks besch\u00e4ftigen? Betrachtet man den Einfluss, den Calito auf die zuvor auf althergebrachter Motorisierung beruhenden mobilen Gewohnheiten der Familie Kramer hatte, kommt man nicht umhin, seine tierischen Ambitionen aus dieser Perspektive heraus als zielf\u00fchrend zu bezeichnen. Allein die Art und Weise, wie Calito seine Kritik am privaten Pkw-Verkehr vorbrachte, bleibt anr\u00fcchig\u2026 \u201eAls wir unseren Hund vor etwa einem Jahr bekommen haben und mit ihm im Auto losgefahren sind\u201c, erinnert sich Uwe Kramer und verzieht angewidert das Gesicht, \u201ehat er sich im Wagen entleert. Aus allen drei m\u00f6glichen \u00d6ffnungen\u2026\u201c Ruth Kramer schlie\u00dft die Augen und sch\u00fcttelt sich: \u201eDas ging \u00fcberhaupt gar nicht!\u201c Auch behutsames \u00dcben f\u00fchrte nicht zum gew\u00fcnschten Erfolg: Calito machte keinen Hehl daraus, dass er den Transport via Benzinschleuder ablehnte. Und zwar grunds\u00e4tzlich.<\/p>\n<p><em>\u201eEine richtige H\u00f6hle\u201c<\/em><\/p>\n<p>Weil die Kramers ihren ansonsten durch und durch liebenswerten Hund aber mittlerweile tief in ihr Herz geschlossen hatten, musste eine andere L\u00f6sung her. \u201eIch bin in Bremen aufgewachsen\u201c, erz\u00e4hlt Uwe Kramer, \u201eda spielen Fahrr\u00e4der schon immer eine viel bedeutendere Rolle als hier.\u201c Seine Schwester lebe in Kopenhagen, einer ebenfalls eher \u201eflachen Stadt\u201c, wie Calitos Herrchen bemerkt: \u201eDa sind Hunde- und Lastenr\u00e4der ein v\u00f6llig normaler Anblick.\u201c Die Kramers recherchierten \u2013 und investierten schlie\u00dflich in ein professionelles, in D\u00e4nemark entwickeltes Hundefahrrad: dreir\u00e4derig, den stabilen Korb mit tief liegender Einstiegst\u00fcr und, bei Bedarf, wetterfestem Verdeck. \u201eSo eine richtige H\u00f6hle\u201c, schmunzelt Kramer.<\/p>\n<p><em>Unabh\u00e4ngig vom Pkw<\/em><\/p>\n<p>Calito war denn auch sofort begeistert. \u201eOft steht er vor dem Rad und sieht mich auffordernd an\u201c, sagt Frauchen Ruth: \u201eDann wei\u00df ich: Jetzt m\u00fcssen wir erstmal eine Tour machen.\u201c Bei l\u00e4ngeren Ausfl\u00fcgen trabt der Vierbeiner eine Weile neben dem Rad her, bevor er sich im weich gepolsterten Korb niederl\u00e4sst. \u201eMeistens beobachtet er von dort aus aufmerksam das Geschehen\u201c, erz\u00e4hlt Uwe Kramer, \u201eaber wenn er m\u00fcde wird, legt er sich hin und schl\u00e4ft.\u201c Inzwischen haben sich die Kramers ein zweites Lastenrad angeschafft. Das bedeutet: noch mehr Unabh\u00e4ngigkeit vom Pkw. \u201eDann kann ich Calito herumfahren und mein Mann erledigt die Eink\u00e4ufe\u201c, erkl\u00e4rt Ruth Kramer. Weil das Lastenrad ihres Mannes ein E-Bike ist, sei auch der Transport des kompletten Wochenendeinkaufs bis hin zu Getr\u00e4nkekisten \u00fcberhaupt kein Problem. Calito legt den Kopf schief und blinzelt sein Frauchen fragend an. Keine Bange, Calito, egal wie voll die Radk\u00f6rbe bepackt werden \u2013 ein paar Dosen Hundefutter sind nat\u00fcrlich immer dabei!<\/p>\n<p><em>(Erschienen in: Neue Osnabr\u00fccker Zeitung, 03.08.2016)<\/em><\/p>\n","protected":false},"excerpt":{"rendered":"<p>Die Ohren aufgestellt, die Nase im Wind, l\u00e4sst sich Calito durchs Revier kutschieren: in einem sehr speziellen Vehikel. Seine Besitzer haben das auff\u00e4llige Dog-Velo eigens f\u00fcr ihn angeschafft \u2013 und l\u00e4ngst ist der Blickfang zu [&hellip;]<\/p>\n","protected":false},"author":2,"featured_media":1044,"comment_status":"closed","ping_status":"open","sticky":false,"template":"","format":"image","meta":{"_links_to":"","_links_to_target":""},"categories":[5,80],"tags":[119,377,33,378,23],"_links":{"self":[{"href":"http:\/\/www.havermeyer.de\/index.php?rest_route=\/wp\/v2\/posts\/1043"}],"collection":[{"href":"http:\/\/www.havermeyer.de\/index.php?rest_route=\/wp\/v2\/posts"}],"about":[{"href":"http:\/\/www.havermeyer.de\/index.php?rest_route=\/wp\/v2\/types\/post"}],"author":[{"embeddable":true,"href":"http:\/\/www.havermeyer.de\/index.php?rest_route=\/wp\/v2\/users\/2"}],"replies":[{"embeddable":true,"href":"http:\/\/www.havermeyer.de\/index.php?rest_route=%2Fwp%2Fv2%2Fcomments&post=1043"}],"version-history":[{"count":3,"href":"http:\/\/www.havermeyer.de\/index.php?rest_route=\/wp\/v2\/posts\/1043\/revisions"}],"predecessor-version":[{"id":1047,"href":"http:\/\/www.havermeyer.de\/index.php?rest_route=\/wp\/v2\/posts\/1043\/revisions\/1047"}],"wp:featuredmedia":[{"embeddable":true,"href":"http:\/\/www.havermeyer.de\/index.php?rest_route=\/wp\/v2\/media\/1044"}],"wp:attachment":[{"href":"http:\/\/www.havermeyer.de\/index.php?rest_route=%2Fwp%2Fv2%2Fmedia&parent=1043"}],"wp:term":[{"taxonomy":"category","embeddable":true,"href":"http:\/\/www.havermeyer.de\/index.php?rest_route=%2Fwp%2Fv2%2Fcategories&post=1043"},{"taxonomy":"post_tag","embeddable":true,"href":"http:\/\/www.havermeyer.de\/index.php?rest_route=%2Fwp%2Fv2%2Ftags&post=1043"}],"curies":[{"name":"wp","href":"https:\/\/api.w.org\/{rel}","templated":true}]}}