{"id":1025,"date":"2016-07-27T10:29:32","date_gmt":"2016-07-27T08:29:32","guid":{"rendered":"http:\/\/www.havermeyer.de\/?p=1025"},"modified":"2016-07-27T10:29:32","modified_gmt":"2016-07-27T08:29:32","slug":"reise-in-die-eigene-vergangenheit","status":"publish","type":"post","link":"http:\/\/www.havermeyer.de\/?p=1025","title":{"rendered":"Reise in die eigene Vergangenheit"},"content":{"rendered":"<figure id=\"attachment_1026\" aria-describedby=\"caption-attachment-1026\" style=\"width: 1600px\" class=\"wp-caption aligncenter\"><a href=\"http:\/\/www.havermeyer.de\/wp-content\/uploads\/2016\/07\/Besuch2.jpg\" rel=\"attachment wp-att-1026\"><img decoding=\"async\" loading=\"lazy\" class=\"size-full wp-image-1026\" src=\"http:\/\/www.havermeyer.de\/wp-content\/uploads\/2016\/07\/Besuch2.jpg\" alt=\"Beeindruckt von den Stolpersteinen, die an seine Vorfahren erinnern, war Ronny Reinberg (links) bei seinem Besuch in Badbergen. Ihn begleitet haben Buchautor Dieter Przygode und B\u00fcrgermeister Dietmar Berger. Foto: Ulrike Havermeyer\" width=\"1600\" height=\"1095\" srcset=\"http:\/\/www.havermeyer.de\/wp-content\/uploads\/2016\/07\/Besuch2.jpg 1600w, http:\/\/www.havermeyer.de\/wp-content\/uploads\/2016\/07\/Besuch2-300x205.jpg 300w, http:\/\/www.havermeyer.de\/wp-content\/uploads\/2016\/07\/Besuch2-768x526.jpg 768w, http:\/\/www.havermeyer.de\/wp-content\/uploads\/2016\/07\/Besuch2-1024x701.jpg 1024w, http:\/\/www.havermeyer.de\/wp-content\/uploads\/2016\/07\/Besuch2-1200x821.jpg 1200w\" sizes=\"(max-width: 1600px) 100vw, 1600px\" \/><\/a><figcaption id=\"caption-attachment-1026\" class=\"wp-caption-text\">Beeindruckt von den Stolpersteinen, die an seine Vorfahren erinnern, war Ronny Reinberg (links) bei seinem Besuch in Badbergen. Ihn begleitet haben Buchautor Dieter Przygode und B\u00fcrgermeister Dietmar Berger. Foto: Ulrike Havermeyer<\/figcaption><\/figure>\n<p><strong>Auf den Spuren seiner Vorfahren hat der in Israel lebende Ronny Reinberg die Gemeinde Badbergen besucht. Beeindruckt war der 38-J\u00e4hrige von den Stolpersteinen, die vor dem Heimathaus an die aus dem Altkreis stammenden Mitglieder seiner Familie erinnern.<\/strong><\/p>\n<p>\u201eAmazing\u201c \u2013 phantastisch, unglaublich! Ronny Reinberg kniet neben der schlichten Messingplatte vor dem Heimathaus in Badbergen. Der Stolperstein, der hier im Juni 2016 zusammen mit neun weiteren Gedenktafeln verlegt worden ist, erinnert an das Schicksal seines j\u00fcdischen Urgro\u00dfvaters Carl Meyer. Ronny Reinberg l\u00e4chelt und sch\u00fcttelt noch immer ganz ungl\u00e4ubig den Kopf. Dass die Badberger seinen aus ihrer Gemeinde stammenden Vorfahren, von denen einige in den 1930er Jahren vor dem Naziterror nach Argentinien fliehen konnten, einen solchen Respekt erweisen, ber\u00fchrt ihn. \u201eReally amazing\u2026\u201c, murmelt er und streicht wieder und wieder mit der Hand \u00fcber den eingravierten Namen: Carl Meyer.<\/p>\n<p><em>Erinnerungsfoto<\/em><\/p>\n<p>Ronny Reinberg z\u00fcckt sein Smartphone: Ein Erinnerungsfoto muss her. Aber bitte eins, auf dem auch Badbergens B\u00fcrgermeister Dietmar Berger und jener Mann verewigt werden, der die Beziehung des Urenkels von Carl Meyer zu seiner alten Heimat \u00fcberhaupt erst initiiert hat: Dieter Przygode. Der Bramscher Autor hat nach jahrelangen Recherchen, einem umfangreichen Briefwechsel und \u00a0schlie\u00dflich sogar einem Besuch vor Ort in Argentinien bei den Nachkommen der j\u00fcdischen Familien Meyer aus Badbergen und Voss aus Bramsche das Buch \u201eVon Bramsche nach Buenos Aires\u201c geschrieben. \u201eIn dieser Zeit sind Freundschaften entstanden\u201c, sagt Przygode. Kontakte wurden gekn\u00fcpft. Und das Interesse an der Vergangenheit gro\u00dffl\u00e4chig ausgeweitet.<\/p>\n<p><em>Die alte Heimat ist pr\u00e4sent<\/em><\/p>\n<p>Sein Vater, Raul Reinberg, werde begeistert sein, freut sich Ronny und l\u00e4sst das Smartphone zur\u00fcck in die Tasche gleiten. Auch der sei schon in Badbergen gewesen \u2013 im Jahre 1991, als er seine Mutter Helga Reinberg, geborene Meyer, zu einem Ehemaligentreffen der Osnabr\u00fccker Studenten begleitet habe. Aber damals habe es die Stolpersteine ja noch nicht gegeben.<\/p>\n<p><em>H\u00f6hepunkt des Tages<\/em><\/p>\n<p>Bevor er seine Reise in die eigene Vergangenheit beendet, besucht Carl Meyers Urenkel aber noch den j\u00fcdischen Friedhof der Gemeinde. Dort liegt Sophie Meyer begraben, die Mutter von Carl, geboren 1865, gestorben 1935 in Badbergen. Unter dem Bl\u00e4tterdach der alten Eichen verharrt Ronny Reinberg lange vor dem verwitterten Stein. Schweigend. Vers\u00f6hnt. \u201eThe highlight of my day\u201c \u2013 der H\u00f6hepunkt seines Tages sei dieser Moment gewesen, sagt er. Ein Foto hat er davon nicht gemacht. Er wird seinen Br\u00fcdern und Cousins von dem Besuch in Badbergen erz\u00e4hlen und ihnen ans Herz legen, selber herzukommen. Und, da ist er ganz sicher: \u201eThey will\u201c \u2013 das werden sie.<\/p>\n<p><em>(Erschienen in: Bersenbr\u00fccker Kreisblatt, 21.07.2016)<\/em><\/p>\n","protected":false},"excerpt":{"rendered":"<p>Auf den Spuren seiner Vorfahren hat der in Israel lebende Ronny Reinberg die Gemeinde Badbergen besucht. Beeindruckt war der 38-J\u00e4hrige von den Stolpersteinen, die vor dem Heimathaus an die aus dem Altkreis stammenden Mitglieder seiner [&hellip;]<\/p>\n","protected":false},"author":2,"featured_media":1026,"comment_status":"closed","ping_status":"open","sticky":false,"template":"","format":"image","meta":{"_links_to":"","_links_to_target":""},"categories":[6,80],"tags":[374],"_links":{"self":[{"href":"http:\/\/www.havermeyer.de\/index.php?rest_route=\/wp\/v2\/posts\/1025"}],"collection":[{"href":"http:\/\/www.havermeyer.de\/index.php?rest_route=\/wp\/v2\/posts"}],"about":[{"href":"http:\/\/www.havermeyer.de\/index.php?rest_route=\/wp\/v2\/types\/post"}],"author":[{"embeddable":true,"href":"http:\/\/www.havermeyer.de\/index.php?rest_route=\/wp\/v2\/users\/2"}],"replies":[{"embeddable":true,"href":"http:\/\/www.havermeyer.de\/index.php?rest_route=%2Fwp%2Fv2%2Fcomments&post=1025"}],"version-history":[{"count":4,"href":"http:\/\/www.havermeyer.de\/index.php?rest_route=\/wp\/v2\/posts\/1025\/revisions"}],"predecessor-version":[{"id":1030,"href":"http:\/\/www.havermeyer.de\/index.php?rest_route=\/wp\/v2\/posts\/1025\/revisions\/1030"}],"wp:featuredmedia":[{"embeddable":true,"href":"http:\/\/www.havermeyer.de\/index.php?rest_route=\/wp\/v2\/media\/1026"}],"wp:attachment":[{"href":"http:\/\/www.havermeyer.de\/index.php?rest_route=%2Fwp%2Fv2%2Fmedia&parent=1025"}],"wp:term":[{"taxonomy":"category","embeddable":true,"href":"http:\/\/www.havermeyer.de\/index.php?rest_route=%2Fwp%2Fv2%2Fcategories&post=1025"},{"taxonomy":"post_tag","embeddable":true,"href":"http:\/\/www.havermeyer.de\/index.php?rest_route=%2Fwp%2Fv2%2Ftags&post=1025"}],"curies":[{"name":"wp","href":"https:\/\/api.w.org\/{rel}","templated":true}]}}